{"id":238,"date":"2015-10-14T12:07:23","date_gmt":"2015-10-14T12:07:23","guid":{"rendered":"http:\/\/feuerwehr-ottensen.de\/?p=238"},"modified":"2016-03-10T14:55:56","modified_gmt":"2016-03-10T14:55:56","slug":"dienst-am-13-10-2015","status":"publish","type":"post","link":"https:\/\/feuerwehr-ottensen.de\/?p=238","title":{"rendered":"Dienst am 13.10.2015"},"content":{"rendered":"<p style=\"text-align: justify;\">Heute haben wir den Dienst in Form eines realen Einsatz gestaltet und sind zu einer T\u00fcr\u00f6ffnung in den Grasweg gefahren. Vor Ort wurde eine bewusstlose Person hinter einer verschlossenen T\u00fcr aufgefunden. Nachdem wir uns Zugang verschafft hatten, wurde die Person bis zum Eintreffen des Rettungsdienstes von uns versorgt.<\/p>\n<p style=\"text-align: justify;\">Dies war der eigentliche Teil des Dienstabends. Direkt vor Ort frischten wir unter fachkundiger Leitung\u00a0unsere Erste-Hilfe-Kenntnisse auf und wurden am\u00a0<a href=\"https:\/\/de.wikipedia.org\/wiki\/Spineboard\" target=\"_blank\">Spineboard<\/a>\u00a0geschult.<\/p>\n<p style=\"text-align: justify;\"><a href=\"https:\/\/feuerwehr-ottensen.de\/wp-content\/uploads\/2015\/10\/Foto-14.10.15-06-50-59.jpg\"><img loading=\"lazy\" decoding=\"async\" class=\" wp-image-243 aligncenter\" src=\"https:\/\/feuerwehr-ottensen.de\/wp-content\/uploads\/2015\/10\/Foto-14.10.15-06-50-59.jpg\" alt=\"Foto 14.10.15, 06 50 59\" width=\"495\" height=\"880\" srcset=\"https:\/\/feuerwehr-ottensen.de\/wp-content\/uploads\/2015\/10\/Foto-14.10.15-06-50-59.jpg 873w, https:\/\/feuerwehr-ottensen.de\/wp-content\/uploads\/2015\/10\/Foto-14.10.15-06-50-59-169x300.jpg 169w, https:\/\/feuerwehr-ottensen.de\/wp-content\/uploads\/2015\/10\/Foto-14.10.15-06-50-59-576x1024.jpg 576w\" sizes=\"auto, (max-width: 495px) 100vw, 495px\" \/><\/a><\/p>\n<p style=\"text-align: justify;\">\n","protected":false},"excerpt":{"rendered":"<div class=\"mh-excerpt\"><p>Heute haben wir den Dienst in Form eines realen Einsatz gestaltet und sind zu einer T\u00fcr\u00f6ffnung in den Grasweg gefahren. Vor Ort wurde eine bewusstlose <a class=\"mh-excerpt-more\" href=\"https:\/\/feuerwehr-ottensen.de\/?p=238\" title=\"Dienst am 13.10.2015\">[&#8230;]<\/a><\/p>\n<\/div>","protected":false},"author":1,"featured_media":242,"comment_status":"closed","ping_status":"open","sticky":false,"template":"","format":"standard","meta":{"footnotes":""},"categories":[3],"tags":[],"class_list":["post-238","post","type-post","status-publish","format-standard","has-post-thumbnail","hentry","category-beitrag"],"_links":{"self":[{"href":"https:\/\/feuerwehr-ottensen.de\/index.php?rest_route=\/wp\/v2\/posts\/238","targetHints":{"allow":["GET"]}}],"collection":[{"href":"https:\/\/feuerwehr-ottensen.de\/index.php?rest_route=\/wp\/v2\/posts"}],"about":[{"href":"https:\/\/feuerwehr-ottensen.de\/index.php?rest_route=\/wp\/v2\/types\/post"}],"author":[{"embeddable":true,"href":"https:\/\/feuerwehr-ottensen.de\/index.php?rest_route=\/wp\/v2\/users\/1"}],"replies":[{"embeddable":true,"href":"https:\/\/feuerwehr-ottensen.de\/index.php?rest_route=%2Fwp%2Fv2%2Fcomments&post=238"}],"version-history":[{"count":5,"href":"https:\/\/feuerwehr-ottensen.de\/index.php?rest_route=\/wp\/v2\/posts\/238\/revisions"}],"predecessor-version":[{"id":263,"href":"https:\/\/feuerwehr-ottensen.de\/index.php?rest_route=\/wp\/v2\/posts\/238\/revisions\/263"}],"wp:featuredmedia":[{"embeddable":true,"href":"https:\/\/feuerwehr-ottensen.de\/index.php?rest_route=\/wp\/v2\/media\/242"}],"wp:attachment":[{"href":"https:\/\/feuerwehr-ottensen.de\/index.php?rest_route=%2Fwp%2Fv2%2Fmedia&parent=238"}],"wp:term":[{"taxonomy":"category","embeddable":true,"href":"https:\/\/feuerwehr-ottensen.de\/index.php?rest_route=%2Fwp%2Fv2%2Fcategories&post=238"},{"taxonomy":"post_tag","embeddable":true,"href":"https:\/\/feuerwehr-ottensen.de\/index.php?rest_route=%2Fwp%2Fv2%2Ftags&post=238"}],"curies":[{"name":"wp","href":"https:\/\/api.w.org\/{rel}","templated":true}]}}