{"id":2131,"date":"2022-09-17T08:05:48","date_gmt":"2022-09-17T08:05:48","guid":{"rendered":"https:\/\/feuerwehr-ottensen.de\/?p=2131"},"modified":"2022-09-17T08:10:06","modified_gmt":"2022-09-17T08:10:06","slug":"dienst-am-13-09-2022","status":"publish","type":"post","link":"https:\/\/feuerwehr-ottensen.de\/?p=2131","title":{"rendered":"Dienst am 13.09.2022"},"content":{"rendered":"\n<p>Der heutige Dienst fand im Neubaugebiet Milanstra\u00dfe statt. Hier wurde ein dreiteiliger L\u00f6schangriff aufgebaut und zwei Trupps, einer mit Atemschutzger\u00e4ten, gingen zur fiktiven Brandbek\u00e4mpfung vor. Parallel wurde die Einsatzstelle durch unseren Lichtmast am L\u00f6schfahrzeug und weitere Lichtquellen ausgeleuchtet.<\/p>\n\n\n\n<p>Unsere transportable Wasserpumpe wurde zus\u00e4tzlich in Betrieb genommen, um \u00fcber diese einen provisorischen Wasserwerfer zu betreiben. Der Wasserwerfer wurde mit den uns zur Verf\u00fcgung stehenden Materialen aufgebaut \u2013 nach dem Motto \u201emit wenig viel erreichen\u201c. Der Wasserwerfer kann mit wenig Personalaufwand installiert werden und ohne Personalbindung in Betrieb bleiben.<\/p>\n\n\n\n<p>Im Ger\u00e4tehaus wurden nach der Nachbesprechung noch den Kameraden, die in der letzte Zeit erfolgreich Schulungen bzw. Weiterbildungen absolviert haben, ihre Urkunden \u00fcbergeben.<\/p>\n\n\n\n<div class=\"wp-block-group\"><div class=\"wp-block-group__inner-container is-layout-flow wp-block-group-is-layout-flow\">\n<figure class=\"wp-block-gallery has-nested-images columns-default is-cropped wp-block-gallery-1 is-layout-flex wp-block-gallery-is-layout-flex\">\n<figure class=\"wp-block-image size-large\"><a href=\"https:\/\/feuerwehr-ottensen.de\/wp-content\/uploads\/2022\/09\/WhatsApp-Image-2022-09-14-at-09.58.12.jpeg\"><img loading=\"lazy\" decoding=\"async\" width=\"1600\" height=\"739\" data-id=\"2128\" src=\"https:\/\/feuerwehr-ottensen.de\/wp-content\/uploads\/2022\/09\/WhatsApp-Image-2022-09-14-at-09.58.12.jpeg\" alt=\"\" class=\"wp-image-2128\" srcset=\"https:\/\/feuerwehr-ottensen.de\/wp-content\/uploads\/2022\/09\/WhatsApp-Image-2022-09-14-at-09.58.12.jpeg 1600w, https:\/\/feuerwehr-ottensen.de\/wp-content\/uploads\/2022\/09\/WhatsApp-Image-2022-09-14-at-09.58.12-300x139.jpeg 300w, https:\/\/feuerwehr-ottensen.de\/wp-content\/uploads\/2022\/09\/WhatsApp-Image-2022-09-14-at-09.58.12-1024x473.jpeg 1024w, https:\/\/feuerwehr-ottensen.de\/wp-content\/uploads\/2022\/09\/WhatsApp-Image-2022-09-14-at-09.58.12-768x355.jpeg 768w, https:\/\/feuerwehr-ottensen.de\/wp-content\/uploads\/2022\/09\/WhatsApp-Image-2022-09-14-at-09.58.12-1536x709.jpeg 1536w\" sizes=\"auto, (max-width: 1600px) 100vw, 1600px\" \/><\/a><\/figure>\n\n\n\n<figure class=\"wp-block-image size-large\"><a href=\"https:\/\/feuerwehr-ottensen.de\/wp-content\/uploads\/2022\/09\/WhatsApp-Image-2022-09-14-at-09.58.10.jpeg\"><img loading=\"lazy\" decoding=\"async\" width=\"1004\" height=\"558\" data-id=\"2130\" src=\"https:\/\/feuerwehr-ottensen.de\/wp-content\/uploads\/2022\/09\/WhatsApp-Image-2022-09-14-at-09.58.10.jpeg\" alt=\"\" class=\"wp-image-2130\" srcset=\"https:\/\/feuerwehr-ottensen.de\/wp-content\/uploads\/2022\/09\/WhatsApp-Image-2022-09-14-at-09.58.10.jpeg 1004w, https:\/\/feuerwehr-ottensen.de\/wp-content\/uploads\/2022\/09\/WhatsApp-Image-2022-09-14-at-09.58.10-300x167.jpeg 300w, https:\/\/feuerwehr-ottensen.de\/wp-content\/uploads\/2022\/09\/WhatsApp-Image-2022-09-14-at-09.58.10-768x427.jpeg 768w\" sizes=\"auto, (max-width: 1004px) 100vw, 1004px\" \/><\/a><\/figure>\n\n\n\n<figure class=\"wp-block-image size-large\"><a href=\"https:\/\/feuerwehr-ottensen.de\/wp-content\/uploads\/2022\/09\/WhatsApp-Image-2022-09-14-at-09.58.12-1.jpeg\"><img loading=\"lazy\" decoding=\"async\" width=\"2048\" height=\"921\" data-id=\"2127\" src=\"https:\/\/feuerwehr-ottensen.de\/wp-content\/uploads\/2022\/09\/WhatsApp-Image-2022-09-14-at-09.58.12-1.jpeg\" alt=\"\" class=\"wp-image-2127\" srcset=\"https:\/\/feuerwehr-ottensen.de\/wp-content\/uploads\/2022\/09\/WhatsApp-Image-2022-09-14-at-09.58.12-1.jpeg 2048w, https:\/\/feuerwehr-ottensen.de\/wp-content\/uploads\/2022\/09\/WhatsApp-Image-2022-09-14-at-09.58.12-1-300x135.jpeg 300w, https:\/\/feuerwehr-ottensen.de\/wp-content\/uploads\/2022\/09\/WhatsApp-Image-2022-09-14-at-09.58.12-1-1024x461.jpeg 1024w, https:\/\/feuerwehr-ottensen.de\/wp-content\/uploads\/2022\/09\/WhatsApp-Image-2022-09-14-at-09.58.12-1-768x345.jpeg 768w, https:\/\/feuerwehr-ottensen.de\/wp-content\/uploads\/2022\/09\/WhatsApp-Image-2022-09-14-at-09.58.12-1-1536x691.jpeg 1536w\" sizes=\"auto, (max-width: 2048px) 100vw, 2048px\" \/><\/a><\/figure>\n<\/figure>\n<\/div><\/div>\n","protected":false},"excerpt":{"rendered":"<div class=\"mh-excerpt\"><p>Der heutige Dienst fand im Neubaugebiet Milanstra\u00dfe statt. Hier wurde ein dreiteiliger L\u00f6schangriff aufgebaut und zwei Trupps, einer mit Atemschutzger\u00e4ten, gingen zur fiktiven Brandbek\u00e4mpfung vor. <a class=\"mh-excerpt-more\" href=\"https:\/\/feuerwehr-ottensen.de\/?p=2131\" title=\"Dienst am 13.09.2022\">[&#8230;]<\/a><\/p>\n<\/div>","protected":false},"author":1,"featured_media":2129,"comment_status":"closed","ping_status":"open","sticky":false,"template":"","format":"standard","meta":{"footnotes":""},"categories":[3],"tags":[],"class_list":["post-2131","post","type-post","status-publish","format-standard","has-post-thumbnail","hentry","category-beitrag"],"_links":{"self":[{"href":"https:\/\/feuerwehr-ottensen.de\/index.php?rest_route=\/wp\/v2\/posts\/2131","targetHints":{"allow":["GET"]}}],"collection":[{"href":"https:\/\/feuerwehr-ottensen.de\/index.php?rest_route=\/wp\/v2\/posts"}],"about":[{"href":"https:\/\/feuerwehr-ottensen.de\/index.php?rest_route=\/wp\/v2\/types\/post"}],"author":[{"embeddable":true,"href":"https:\/\/feuerwehr-ottensen.de\/index.php?rest_route=\/wp\/v2\/users\/1"}],"replies":[{"embeddable":true,"href":"https:\/\/feuerwehr-ottensen.de\/index.php?rest_route=%2Fwp%2Fv2%2Fcomments&post=2131"}],"version-history":[{"count":4,"href":"https:\/\/feuerwehr-ottensen.de\/index.php?rest_route=\/wp\/v2\/posts\/2131\/revisions"}],"predecessor-version":[{"id":2136,"href":"https:\/\/feuerwehr-ottensen.de\/index.php?rest_route=\/wp\/v2\/posts\/2131\/revisions\/2136"}],"wp:featuredmedia":[{"embeddable":true,"href":"https:\/\/feuerwehr-ottensen.de\/index.php?rest_route=\/wp\/v2\/media\/2129"}],"wp:attachment":[{"href":"https:\/\/feuerwehr-ottensen.de\/index.php?rest_route=%2Fwp%2Fv2%2Fmedia&parent=2131"}],"wp:term":[{"taxonomy":"category","embeddable":true,"href":"https:\/\/feuerwehr-ottensen.de\/index.php?rest_route=%2Fwp%2Fv2%2Fcategories&post=2131"},{"taxonomy":"post_tag","embeddable":true,"href":"https:\/\/feuerwehr-ottensen.de\/index.php?rest_route=%2Fwp%2Fv2%2Ftags&post=2131"}],"curies":[{"name":"wp","href":"https:\/\/api.w.org\/{rel}","templated":true}]}}