{"id":2099,"date":"2022-07-25T12:55:41","date_gmt":"2022-07-25T12:55:41","guid":{"rendered":"https:\/\/feuerwehr-ottensen.de\/?p=2099"},"modified":"2022-07-26T08:00:59","modified_gmt":"2022-07-26T08:00:59","slug":"kindergarten-ottensen-12-07-2022","status":"publish","type":"post","link":"https:\/\/feuerwehr-ottensen.de\/?p=2099","title":{"rendered":"Kindergarten Ottensen 14.07.2022"},"content":{"rendered":"\n<p>Am 14.07. war eine Gruppe des Kindergartens Ottensen bei uns zu Gast. Die Kinder, die nach den Ferien eingeschult werden, durften sich Fahrzeuge und Feuerwehrhaus ansehen und auch selbst einen kleinen L\u00f6schangriff vornehmen. F\u00fcr uns ein gro\u00dfer Spa\u00df und auch eine Herausforderung uns den neugierigen Fragen der Kinder zu stellen.<\/p>\n\n\n\n<figure class=\"wp-block-gallery has-nested-images columns-default is-cropped wp-block-gallery-1 is-layout-flex wp-block-gallery-is-layout-flex\">\n<figure class=\"wp-block-image size-large\"><a href=\"https:\/\/feuerwehr-ottensen.de\/wp-content\/uploads\/2022\/07\/WhatsApp-Image-2022-07-16-at-20.15.54-1.jpeg\"><img loading=\"lazy\" decoding=\"async\" width=\"2000\" height=\"1500\" data-id=\"2097\" src=\"https:\/\/feuerwehr-ottensen.de\/wp-content\/uploads\/2022\/07\/WhatsApp-Image-2022-07-16-at-20.15.54-1.jpeg\" alt=\"\" class=\"wp-image-2097\" srcset=\"https:\/\/feuerwehr-ottensen.de\/wp-content\/uploads\/2022\/07\/WhatsApp-Image-2022-07-16-at-20.15.54-1.jpeg 2000w, https:\/\/feuerwehr-ottensen.de\/wp-content\/uploads\/2022\/07\/WhatsApp-Image-2022-07-16-at-20.15.54-1-300x225.jpeg 300w, https:\/\/feuerwehr-ottensen.de\/wp-content\/uploads\/2022\/07\/WhatsApp-Image-2022-07-16-at-20.15.54-1-1024x768.jpeg 1024w, https:\/\/feuerwehr-ottensen.de\/wp-content\/uploads\/2022\/07\/WhatsApp-Image-2022-07-16-at-20.15.54-1-768x576.jpeg 768w, https:\/\/feuerwehr-ottensen.de\/wp-content\/uploads\/2022\/07\/WhatsApp-Image-2022-07-16-at-20.15.54-1-1536x1152.jpeg 1536w, https:\/\/feuerwehr-ottensen.de\/wp-content\/uploads\/2022\/07\/WhatsApp-Image-2022-07-16-at-20.15.54-1-678x509.jpeg 678w, https:\/\/feuerwehr-ottensen.de\/wp-content\/uploads\/2022\/07\/WhatsApp-Image-2022-07-16-at-20.15.54-1-326x245.jpeg 326w, https:\/\/feuerwehr-ottensen.de\/wp-content\/uploads\/2022\/07\/WhatsApp-Image-2022-07-16-at-20.15.54-1-80x60.jpeg 80w\" sizes=\"auto, (max-width: 2000px) 100vw, 2000px\" \/><\/a><\/figure>\n\n\n\n<figure class=\"wp-block-image size-large\"><a href=\"https:\/\/feuerwehr-ottensen.de\/wp-content\/uploads\/2022\/07\/WhatsApp-Image-2022-07-16-at-20.15.54-2.jpeg\"><img loading=\"lazy\" decoding=\"async\" width=\"2000\" height=\"1500\" data-id=\"2096\" src=\"https:\/\/feuerwehr-ottensen.de\/wp-content\/uploads\/2022\/07\/WhatsApp-Image-2022-07-16-at-20.15.54-2.jpeg\" alt=\"\" class=\"wp-image-2096\" srcset=\"https:\/\/feuerwehr-ottensen.de\/wp-content\/uploads\/2022\/07\/WhatsApp-Image-2022-07-16-at-20.15.54-2.jpeg 2000w, https:\/\/feuerwehr-ottensen.de\/wp-content\/uploads\/2022\/07\/WhatsApp-Image-2022-07-16-at-20.15.54-2-300x225.jpeg 300w, https:\/\/feuerwehr-ottensen.de\/wp-content\/uploads\/2022\/07\/WhatsApp-Image-2022-07-16-at-20.15.54-2-1024x768.jpeg 1024w, https:\/\/feuerwehr-ottensen.de\/wp-content\/uploads\/2022\/07\/WhatsApp-Image-2022-07-16-at-20.15.54-2-768x576.jpeg 768w, https:\/\/feuerwehr-ottensen.de\/wp-content\/uploads\/2022\/07\/WhatsApp-Image-2022-07-16-at-20.15.54-2-1536x1152.jpeg 1536w, https:\/\/feuerwehr-ottensen.de\/wp-content\/uploads\/2022\/07\/WhatsApp-Image-2022-07-16-at-20.15.54-2-678x509.jpeg 678w, https:\/\/feuerwehr-ottensen.de\/wp-content\/uploads\/2022\/07\/WhatsApp-Image-2022-07-16-at-20.15.54-2-326x245.jpeg 326w, https:\/\/feuerwehr-ottensen.de\/wp-content\/uploads\/2022\/07\/WhatsApp-Image-2022-07-16-at-20.15.54-2-80x60.jpeg 80w\" sizes=\"auto, (max-width: 2000px) 100vw, 2000px\" \/><\/a><\/figure>\n\n\n\n<figure class=\"wp-block-image size-large\"><a href=\"https:\/\/feuerwehr-ottensen.de\/wp-content\/uploads\/2022\/07\/WhatsApp-Image-2022-07-16-at-20.15.54-3.jpeg\"><img loading=\"lazy\" decoding=\"async\" width=\"1500\" height=\"2000\" data-id=\"2095\" src=\"https:\/\/feuerwehr-ottensen.de\/wp-content\/uploads\/2022\/07\/WhatsApp-Image-2022-07-16-at-20.15.54-3.jpeg\" alt=\"\" class=\"wp-image-2095\" srcset=\"https:\/\/feuerwehr-ottensen.de\/wp-content\/uploads\/2022\/07\/WhatsApp-Image-2022-07-16-at-20.15.54-3.jpeg 1500w, https:\/\/feuerwehr-ottensen.de\/wp-content\/uploads\/2022\/07\/WhatsApp-Image-2022-07-16-at-20.15.54-3-225x300.jpeg 225w, https:\/\/feuerwehr-ottensen.de\/wp-content\/uploads\/2022\/07\/WhatsApp-Image-2022-07-16-at-20.15.54-3-768x1024.jpeg 768w, https:\/\/feuerwehr-ottensen.de\/wp-content\/uploads\/2022\/07\/WhatsApp-Image-2022-07-16-at-20.15.54-3-1152x1536.jpeg 1152w\" sizes=\"auto, (max-width: 1500px) 100vw, 1500px\" \/><\/a><\/figure>\n\n\n\n<figure class=\"wp-block-image size-large\"><a href=\"https:\/\/feuerwehr-ottensen.de\/wp-content\/uploads\/2022\/07\/WhatsApp-Image-2022-07-16-at-20.15.55.jpeg\"><img loading=\"lazy\" decoding=\"async\" width=\"2000\" height=\"1500\" data-id=\"2094\" src=\"https:\/\/feuerwehr-ottensen.de\/wp-content\/uploads\/2022\/07\/WhatsApp-Image-2022-07-16-at-20.15.55.jpeg\" alt=\"\" class=\"wp-image-2094\" srcset=\"https:\/\/feuerwehr-ottensen.de\/wp-content\/uploads\/2022\/07\/WhatsApp-Image-2022-07-16-at-20.15.55.jpeg 2000w, https:\/\/feuerwehr-ottensen.de\/wp-content\/uploads\/2022\/07\/WhatsApp-Image-2022-07-16-at-20.15.55-300x225.jpeg 300w, https:\/\/feuerwehr-ottensen.de\/wp-content\/uploads\/2022\/07\/WhatsApp-Image-2022-07-16-at-20.15.55-1024x768.jpeg 1024w, https:\/\/feuerwehr-ottensen.de\/wp-content\/uploads\/2022\/07\/WhatsApp-Image-2022-07-16-at-20.15.55-768x576.jpeg 768w, https:\/\/feuerwehr-ottensen.de\/wp-content\/uploads\/2022\/07\/WhatsApp-Image-2022-07-16-at-20.15.55-1536x1152.jpeg 1536w, https:\/\/feuerwehr-ottensen.de\/wp-content\/uploads\/2022\/07\/WhatsApp-Image-2022-07-16-at-20.15.55-678x509.jpeg 678w, https:\/\/feuerwehr-ottensen.de\/wp-content\/uploads\/2022\/07\/WhatsApp-Image-2022-07-16-at-20.15.55-326x245.jpeg 326w, https:\/\/feuerwehr-ottensen.de\/wp-content\/uploads\/2022\/07\/WhatsApp-Image-2022-07-16-at-20.15.55-80x60.jpeg 80w\" sizes=\"auto, (max-width: 2000px) 100vw, 2000px\" \/><\/a><\/figure>\n\n\n\n<figure class=\"wp-block-image size-large\"><a href=\"https:\/\/feuerwehr-ottensen.de\/wp-content\/uploads\/2022\/07\/WhatsApp-Image-2022-07-16-at-20.15.55-1.jpeg\"><img loading=\"lazy\" decoding=\"async\" width=\"1500\" height=\"2000\" data-id=\"2093\" src=\"https:\/\/feuerwehr-ottensen.de\/wp-content\/uploads\/2022\/07\/WhatsApp-Image-2022-07-16-at-20.15.55-1.jpeg\" alt=\"\" class=\"wp-image-2093\" srcset=\"https:\/\/feuerwehr-ottensen.de\/wp-content\/uploads\/2022\/07\/WhatsApp-Image-2022-07-16-at-20.15.55-1.jpeg 1500w, https:\/\/feuerwehr-ottensen.de\/wp-content\/uploads\/2022\/07\/WhatsApp-Image-2022-07-16-at-20.15.55-1-225x300.jpeg 225w, https:\/\/feuerwehr-ottensen.de\/wp-content\/uploads\/2022\/07\/WhatsApp-Image-2022-07-16-at-20.15.55-1-768x1024.jpeg 768w, https:\/\/feuerwehr-ottensen.de\/wp-content\/uploads\/2022\/07\/WhatsApp-Image-2022-07-16-at-20.15.55-1-1152x1536.jpeg 1152w\" sizes=\"auto, (max-width: 1500px) 100vw, 1500px\" \/><\/a><\/figure>\n<\/figure>\n","protected":false},"excerpt":{"rendered":"<div class=\"mh-excerpt\"><p>Am 14.07. war eine Gruppe des Kindergartens Ottensen bei uns zu Gast. Die Kinder, die nach den Ferien eingeschult werden, durften sich Fahrzeuge und Feuerwehrhaus <a class=\"mh-excerpt-more\" href=\"https:\/\/feuerwehr-ottensen.de\/?p=2099\" title=\"Kindergarten Ottensen 14.07.2022\">[&#8230;]<\/a><\/p>\n<\/div>","protected":false},"author":1,"featured_media":2098,"comment_status":"closed","ping_status":"open","sticky":false,"template":"","format":"standard","meta":{"footnotes":""},"categories":[3],"tags":[],"class_list":["post-2099","post","type-post","status-publish","format-standard","has-post-thumbnail","hentry","category-beitrag"],"_links":{"self":[{"href":"https:\/\/feuerwehr-ottensen.de\/index.php?rest_route=\/wp\/v2\/posts\/2099","targetHints":{"allow":["GET"]}}],"collection":[{"href":"https:\/\/feuerwehr-ottensen.de\/index.php?rest_route=\/wp\/v2\/posts"}],"about":[{"href":"https:\/\/feuerwehr-ottensen.de\/index.php?rest_route=\/wp\/v2\/types\/post"}],"author":[{"embeddable":true,"href":"https:\/\/feuerwehr-ottensen.de\/index.php?rest_route=\/wp\/v2\/users\/1"}],"replies":[{"embeddable":true,"href":"https:\/\/feuerwehr-ottensen.de\/index.php?rest_route=%2Fwp%2Fv2%2Fcomments&post=2099"}],"version-history":[{"count":2,"href":"https:\/\/feuerwehr-ottensen.de\/index.php?rest_route=\/wp\/v2\/posts\/2099\/revisions"}],"predecessor-version":[{"id":2101,"href":"https:\/\/feuerwehr-ottensen.de\/index.php?rest_route=\/wp\/v2\/posts\/2099\/revisions\/2101"}],"wp:featuredmedia":[{"embeddable":true,"href":"https:\/\/feuerwehr-ottensen.de\/index.php?rest_route=\/wp\/v2\/media\/2098"}],"wp:attachment":[{"href":"https:\/\/feuerwehr-ottensen.de\/index.php?rest_route=%2Fwp%2Fv2%2Fmedia&parent=2099"}],"wp:term":[{"taxonomy":"category","embeddable":true,"href":"https:\/\/feuerwehr-ottensen.de\/index.php?rest_route=%2Fwp%2Fv2%2Fcategories&post=2099"},{"taxonomy":"post_tag","embeddable":true,"href":"https:\/\/feuerwehr-ottensen.de\/index.php?rest_route=%2Fwp%2Fv2%2Ftags&post=2099"}],"curies":[{"name":"wp","href":"https:\/\/api.w.org\/{rel}","templated":true}]}}