{"id":206,"date":"2015-09-26T12:39:44","date_gmt":"2015-09-26T12:39:44","guid":{"rendered":"http:\/\/feuerwehr-ottensen.de\/?p=206"},"modified":"2015-11-01T19:53:19","modified_gmt":"2015-11-01T19:53:19","slug":"dienst-am-25-09-2015","status":"publish","type":"post","link":"https:\/\/feuerwehr-ottensen.de\/?p=206","title":{"rendered":"Dienst am 25.09.2015"},"content":{"rendered":"<p style=\"text-align: justify;\">Am heutigen Dienstabend haben wir den Brand eines gr\u00f6\u00dferen Nebengeb\u00e4udes simuliert. Der Atemschutztrupp wurde f\u00fcr eine Menschrettung im Geb\u00e4ude eingesetzt, w\u00e4hrend vor dem Geb\u00e4ude ein zweitiliger L\u00f6schangriff aufgebaut wurde. Der L\u00f6schangriff diente zum einen zur Brandbek\u00e4mpfung aber auch zum Schutz der weiteren Geb\u00e4ude.<\/p>\n<p style=\"text-align: justify;\">Nach der absolvierten praktischen \u00dcbung gab es eine kurze Einweisung zum Thema Photovoltaik-Anlagen, da auf dem Nebengeb\u00e4ude eine der gr\u00f6\u00dfen Anlagen im Ort verbaut ist. Nach der R\u00fcckkehr zum Ger\u00e4tehaus gab es noch aktuelle Inforamtionen aus der Stadt und zum Fahrzeug. Um 22:30 war Dienstschluss.<\/p>\n<p style=\"text-align: justify;\"><a href=\"https:\/\/feuerwehr-ottensen.de\/wp-content\/uploads\/2015\/09\/Foto-26.09.15-12-36-07.jpg\"><img loading=\"lazy\" decoding=\"async\" class=\"wp-image-204 aligncenter\" src=\"https:\/\/feuerwehr-ottensen.de\/wp-content\/uploads\/2015\/09\/Foto-26.09.15-12-36-07.jpg\" alt=\"Foto 26.09.15, 12 36 07\" width=\"553\" height=\"738\" srcset=\"https:\/\/feuerwehr-ottensen.de\/wp-content\/uploads\/2015\/09\/Foto-26.09.15-12-36-07.jpg 1200w, https:\/\/feuerwehr-ottensen.de\/wp-content\/uploads\/2015\/09\/Foto-26.09.15-12-36-07-225x300.jpg 225w, https:\/\/feuerwehr-ottensen.de\/wp-content\/uploads\/2015\/09\/Foto-26.09.15-12-36-07-768x1024.jpg 768w\" sizes=\"auto, (max-width: 553px) 100vw, 553px\" \/><\/a><\/p>\n","protected":false},"excerpt":{"rendered":"<div class=\"mh-excerpt\"><p>Am heutigen Dienstabend haben wir den Brand eines gr\u00f6\u00dferen Nebengeb\u00e4udes simuliert. Der Atemschutztrupp wurde f\u00fcr eine Menschrettung im Geb\u00e4ude eingesetzt, w\u00e4hrend vor dem Geb\u00e4ude ein <a class=\"mh-excerpt-more\" href=\"https:\/\/feuerwehr-ottensen.de\/?p=206\" title=\"Dienst am 25.09.2015\">[&#8230;]<\/a><\/p>\n<\/div>","protected":false},"author":1,"featured_media":203,"comment_status":"closed","ping_status":"open","sticky":false,"template":"","format":"standard","meta":{"footnotes":""},"categories":[3],"tags":[],"class_list":["post-206","post","type-post","status-publish","format-standard","has-post-thumbnail","hentry","category-beitrag"],"_links":{"self":[{"href":"https:\/\/feuerwehr-ottensen.de\/index.php?rest_route=\/wp\/v2\/posts\/206","targetHints":{"allow":["GET"]}}],"collection":[{"href":"https:\/\/feuerwehr-ottensen.de\/index.php?rest_route=\/wp\/v2\/posts"}],"about":[{"href":"https:\/\/feuerwehr-ottensen.de\/index.php?rest_route=\/wp\/v2\/types\/post"}],"author":[{"embeddable":true,"href":"https:\/\/feuerwehr-ottensen.de\/index.php?rest_route=\/wp\/v2\/users\/1"}],"replies":[{"embeddable":true,"href":"https:\/\/feuerwehr-ottensen.de\/index.php?rest_route=%2Fwp%2Fv2%2Fcomments&post=206"}],"version-history":[{"count":9,"href":"https:\/\/feuerwehr-ottensen.de\/index.php?rest_route=\/wp\/v2\/posts\/206\/revisions"}],"predecessor-version":[{"id":266,"href":"https:\/\/feuerwehr-ottensen.de\/index.php?rest_route=\/wp\/v2\/posts\/206\/revisions\/266"}],"wp:featuredmedia":[{"embeddable":true,"href":"https:\/\/feuerwehr-ottensen.de\/index.php?rest_route=\/wp\/v2\/media\/203"}],"wp:attachment":[{"href":"https:\/\/feuerwehr-ottensen.de\/index.php?rest_route=%2Fwp%2Fv2%2Fmedia&parent=206"}],"wp:term":[{"taxonomy":"category","embeddable":true,"href":"https:\/\/feuerwehr-ottensen.de\/index.php?rest_route=%2Fwp%2Fv2%2Fcategories&post=206"},{"taxonomy":"post_tag","embeddable":true,"href":"https:\/\/feuerwehr-ottensen.de\/index.php?rest_route=%2Fwp%2Fv2%2Ftags&post=206"}],"curies":[{"name":"wp","href":"https:\/\/api.w.org\/{rel}","templated":true}]}}