{"id":2006,"date":"2022-06-21T19:11:39","date_gmt":"2022-06-21T19:11:39","guid":{"rendered":"https:\/\/feuerwehr-ottensen.de\/?p=2006"},"modified":"2022-06-21T19:12:04","modified_gmt":"2022-06-21T19:12:04","slug":"2006","status":"publish","type":"post","link":"https:\/\/feuerwehr-ottensen.de\/?p=2006","title":{"rendered":"Sonderdienst am 19.06.2022"},"content":{"rendered":"\n<p>Am heutigen Sonntag haben wir uns mit einigen Atemschutztr\u00e4gern getroffen und ein Notfalltraining abgehalten.<br>Dabei geht es darum, wie wir uns im schlimmsten Fall selber helfen\/retten k\u00f6nnen.<br>Der Umgang mit dem daf\u00fcr zur Verf\u00fcgung stehenden Material wird regelm\u00e4\u00dfig ge\u00fcbt.<br>Zu Beginn gab es ein wenig Theorie, danach eine Fingerfertigkeits\u00fcbung und schlie\u00dflich dann die Praxis am \u201everunfallten\u201c Kameraden.<br>Wir hoffen, dass wir so etwas nie im Einsatz erleben werden, sind im schlimmsten Fall aber ger\u00fcstet.<\/p>\n\n\n\n<figure class=\"wp-block-gallery has-nested-images columns-default is-cropped wp-block-gallery-1 is-layout-flex wp-block-gallery-is-layout-flex\">\n<figure class=\"wp-block-image size-large\"><a href=\"https:\/\/feuerwehr-ottensen.de\/wp-content\/uploads\/2022\/06\/WhatsApp-Image-2022-06-20-at-10.19.04.jpeg\"><img loading=\"lazy\" decoding=\"async\" width=\"2048\" height=\"1536\" data-id=\"2012\" src=\"https:\/\/feuerwehr-ottensen.de\/wp-content\/uploads\/2022\/06\/WhatsApp-Image-2022-06-20-at-10.19.04.jpeg\" alt=\"\" class=\"wp-image-2012\" srcset=\"https:\/\/feuerwehr-ottensen.de\/wp-content\/uploads\/2022\/06\/WhatsApp-Image-2022-06-20-at-10.19.04.jpeg 2048w, https:\/\/feuerwehr-ottensen.de\/wp-content\/uploads\/2022\/06\/WhatsApp-Image-2022-06-20-at-10.19.04-300x225.jpeg 300w, https:\/\/feuerwehr-ottensen.de\/wp-content\/uploads\/2022\/06\/WhatsApp-Image-2022-06-20-at-10.19.04-1024x768.jpeg 1024w, https:\/\/feuerwehr-ottensen.de\/wp-content\/uploads\/2022\/06\/WhatsApp-Image-2022-06-20-at-10.19.04-768x576.jpeg 768w, https:\/\/feuerwehr-ottensen.de\/wp-content\/uploads\/2022\/06\/WhatsApp-Image-2022-06-20-at-10.19.04-1536x1152.jpeg 1536w, https:\/\/feuerwehr-ottensen.de\/wp-content\/uploads\/2022\/06\/WhatsApp-Image-2022-06-20-at-10.19.04-678x509.jpeg 678w, https:\/\/feuerwehr-ottensen.de\/wp-content\/uploads\/2022\/06\/WhatsApp-Image-2022-06-20-at-10.19.04-326x245.jpeg 326w, https:\/\/feuerwehr-ottensen.de\/wp-content\/uploads\/2022\/06\/WhatsApp-Image-2022-06-20-at-10.19.04-80x60.jpeg 80w\" sizes=\"auto, (max-width: 2048px) 100vw, 2048px\" \/><\/a><\/figure>\n\n\n\n<figure class=\"wp-block-image size-large\"><a href=\"https:\/\/feuerwehr-ottensen.de\/wp-content\/uploads\/2022\/06\/WhatsApp-Image-2022-06-20-at-10.19.04-1.jpeg\"><img loading=\"lazy\" decoding=\"async\" width=\"2048\" height=\"1536\" data-id=\"2011\" src=\"https:\/\/feuerwehr-ottensen.de\/wp-content\/uploads\/2022\/06\/WhatsApp-Image-2022-06-20-at-10.19.04-1.jpeg\" alt=\"\" class=\"wp-image-2011\" srcset=\"https:\/\/feuerwehr-ottensen.de\/wp-content\/uploads\/2022\/06\/WhatsApp-Image-2022-06-20-at-10.19.04-1.jpeg 2048w, https:\/\/feuerwehr-ottensen.de\/wp-content\/uploads\/2022\/06\/WhatsApp-Image-2022-06-20-at-10.19.04-1-300x225.jpeg 300w, https:\/\/feuerwehr-ottensen.de\/wp-content\/uploads\/2022\/06\/WhatsApp-Image-2022-06-20-at-10.19.04-1-1024x768.jpeg 1024w, https:\/\/feuerwehr-ottensen.de\/wp-content\/uploads\/2022\/06\/WhatsApp-Image-2022-06-20-at-10.19.04-1-768x576.jpeg 768w, https:\/\/feuerwehr-ottensen.de\/wp-content\/uploads\/2022\/06\/WhatsApp-Image-2022-06-20-at-10.19.04-1-1536x1152.jpeg 1536w, https:\/\/feuerwehr-ottensen.de\/wp-content\/uploads\/2022\/06\/WhatsApp-Image-2022-06-20-at-10.19.04-1-678x509.jpeg 678w, https:\/\/feuerwehr-ottensen.de\/wp-content\/uploads\/2022\/06\/WhatsApp-Image-2022-06-20-at-10.19.04-1-326x245.jpeg 326w, https:\/\/feuerwehr-ottensen.de\/wp-content\/uploads\/2022\/06\/WhatsApp-Image-2022-06-20-at-10.19.04-1-80x60.jpeg 80w\" sizes=\"auto, (max-width: 2048px) 100vw, 2048px\" \/><\/a><\/figure>\n\n\n\n<figure class=\"wp-block-image size-large\"><a href=\"https:\/\/feuerwehr-ottensen.de\/wp-content\/uploads\/2022\/06\/WhatsApp-Image-2022-06-20-at-10.19.05.jpeg\"><img loading=\"lazy\" decoding=\"async\" width=\"2048\" height=\"1536\" data-id=\"2010\" src=\"https:\/\/feuerwehr-ottensen.de\/wp-content\/uploads\/2022\/06\/WhatsApp-Image-2022-06-20-at-10.19.05.jpeg\" alt=\"\" class=\"wp-image-2010\" srcset=\"https:\/\/feuerwehr-ottensen.de\/wp-content\/uploads\/2022\/06\/WhatsApp-Image-2022-06-20-at-10.19.05.jpeg 2048w, https:\/\/feuerwehr-ottensen.de\/wp-content\/uploads\/2022\/06\/WhatsApp-Image-2022-06-20-at-10.19.05-300x225.jpeg 300w, https:\/\/feuerwehr-ottensen.de\/wp-content\/uploads\/2022\/06\/WhatsApp-Image-2022-06-20-at-10.19.05-1024x768.jpeg 1024w, https:\/\/feuerwehr-ottensen.de\/wp-content\/uploads\/2022\/06\/WhatsApp-Image-2022-06-20-at-10.19.05-768x576.jpeg 768w, https:\/\/feuerwehr-ottensen.de\/wp-content\/uploads\/2022\/06\/WhatsApp-Image-2022-06-20-at-10.19.05-1536x1152.jpeg 1536w, https:\/\/feuerwehr-ottensen.de\/wp-content\/uploads\/2022\/06\/WhatsApp-Image-2022-06-20-at-10.19.05-678x509.jpeg 678w, https:\/\/feuerwehr-ottensen.de\/wp-content\/uploads\/2022\/06\/WhatsApp-Image-2022-06-20-at-10.19.05-326x245.jpeg 326w, https:\/\/feuerwehr-ottensen.de\/wp-content\/uploads\/2022\/06\/WhatsApp-Image-2022-06-20-at-10.19.05-80x60.jpeg 80w\" sizes=\"auto, (max-width: 2048px) 100vw, 2048px\" \/><\/a><\/figure>\n\n\n\n<figure class=\"wp-block-image size-large\"><a href=\"https:\/\/feuerwehr-ottensen.de\/wp-content\/uploads\/2022\/06\/WhatsApp-Image-2022-06-20-at-10.19.06.jpeg\"><img loading=\"lazy\" decoding=\"async\" width=\"1536\" height=\"2048\" data-id=\"2009\" src=\"https:\/\/feuerwehr-ottensen.de\/wp-content\/uploads\/2022\/06\/WhatsApp-Image-2022-06-20-at-10.19.06.jpeg\" alt=\"\" class=\"wp-image-2009\" srcset=\"https:\/\/feuerwehr-ottensen.de\/wp-content\/uploads\/2022\/06\/WhatsApp-Image-2022-06-20-at-10.19.06.jpeg 1536w, https:\/\/feuerwehr-ottensen.de\/wp-content\/uploads\/2022\/06\/WhatsApp-Image-2022-06-20-at-10.19.06-225x300.jpeg 225w, https:\/\/feuerwehr-ottensen.de\/wp-content\/uploads\/2022\/06\/WhatsApp-Image-2022-06-20-at-10.19.06-768x1024.jpeg 768w, https:\/\/feuerwehr-ottensen.de\/wp-content\/uploads\/2022\/06\/WhatsApp-Image-2022-06-20-at-10.19.06-1152x1536.jpeg 1152w\" sizes=\"auto, (max-width: 1536px) 100vw, 1536px\" \/><\/a><\/figure>\n\n\n\n<figure class=\"wp-block-image size-large\"><a href=\"https:\/\/feuerwehr-ottensen.de\/wp-content\/uploads\/2022\/06\/WhatsApp-Image-2022-06-20-at-10.19.06-1.jpeg\"><img loading=\"lazy\" decoding=\"async\" width=\"1536\" height=\"2048\" data-id=\"2008\" src=\"https:\/\/feuerwehr-ottensen.de\/wp-content\/uploads\/2022\/06\/WhatsApp-Image-2022-06-20-at-10.19.06-1.jpeg\" alt=\"\" class=\"wp-image-2008\" srcset=\"https:\/\/feuerwehr-ottensen.de\/wp-content\/uploads\/2022\/06\/WhatsApp-Image-2022-06-20-at-10.19.06-1.jpeg 1536w, https:\/\/feuerwehr-ottensen.de\/wp-content\/uploads\/2022\/06\/WhatsApp-Image-2022-06-20-at-10.19.06-1-225x300.jpeg 225w, https:\/\/feuerwehr-ottensen.de\/wp-content\/uploads\/2022\/06\/WhatsApp-Image-2022-06-20-at-10.19.06-1-768x1024.jpeg 768w, https:\/\/feuerwehr-ottensen.de\/wp-content\/uploads\/2022\/06\/WhatsApp-Image-2022-06-20-at-10.19.06-1-1152x1536.jpeg 1152w\" sizes=\"auto, (max-width: 1536px) 100vw, 1536px\" \/><\/a><\/figure>\n<\/figure>\n","protected":false},"excerpt":{"rendered":"<div class=\"mh-excerpt\"><p>Am heutigen Sonntag haben wir uns mit einigen Atemschutztr\u00e4gern getroffen und ein Notfalltraining abgehalten.Dabei geht es darum, wie wir uns im schlimmsten Fall selber helfen\/retten <a class=\"mh-excerpt-more\" href=\"https:\/\/feuerwehr-ottensen.de\/?p=2006\" title=\"Sonderdienst am 19.06.2022\">[&#8230;]<\/a><\/p>\n<\/div>","protected":false},"author":1,"featured_media":2007,"comment_status":"closed","ping_status":"open","sticky":false,"template":"","format":"standard","meta":{"footnotes":""},"categories":[3],"tags":[],"class_list":["post-2006","post","type-post","status-publish","format-standard","has-post-thumbnail","hentry","category-beitrag"],"_links":{"self":[{"href":"https:\/\/feuerwehr-ottensen.de\/index.php?rest_route=\/wp\/v2\/posts\/2006","targetHints":{"allow":["GET"]}}],"collection":[{"href":"https:\/\/feuerwehr-ottensen.de\/index.php?rest_route=\/wp\/v2\/posts"}],"about":[{"href":"https:\/\/feuerwehr-ottensen.de\/index.php?rest_route=\/wp\/v2\/types\/post"}],"author":[{"embeddable":true,"href":"https:\/\/feuerwehr-ottensen.de\/index.php?rest_route=\/wp\/v2\/users\/1"}],"replies":[{"embeddable":true,"href":"https:\/\/feuerwehr-ottensen.de\/index.php?rest_route=%2Fwp%2Fv2%2Fcomments&post=2006"}],"version-history":[{"count":2,"href":"https:\/\/feuerwehr-ottensen.de\/index.php?rest_route=\/wp\/v2\/posts\/2006\/revisions"}],"predecessor-version":[{"id":2014,"href":"https:\/\/feuerwehr-ottensen.de\/index.php?rest_route=\/wp\/v2\/posts\/2006\/revisions\/2014"}],"wp:featuredmedia":[{"embeddable":true,"href":"https:\/\/feuerwehr-ottensen.de\/index.php?rest_route=\/wp\/v2\/media\/2007"}],"wp:attachment":[{"href":"https:\/\/feuerwehr-ottensen.de\/index.php?rest_route=%2Fwp%2Fv2%2Fmedia&parent=2006"}],"wp:term":[{"taxonomy":"category","embeddable":true,"href":"https:\/\/feuerwehr-ottensen.de\/index.php?rest_route=%2Fwp%2Fv2%2Fcategories&post=2006"},{"taxonomy":"post_tag","embeddable":true,"href":"https:\/\/feuerwehr-ottensen.de\/index.php?rest_route=%2Fwp%2Fv2%2Ftags&post=2006"}],"curies":[{"name":"wp","href":"https:\/\/api.w.org\/{rel}","templated":true}]}}