{"id":1916,"date":"2021-11-11T16:58:42","date_gmt":"2021-11-11T16:58:42","guid":{"rendered":"https:\/\/feuerwehr-ottensen.de\/?p=1916"},"modified":"2021-11-11T17:06:43","modified_gmt":"2021-11-11T17:06:43","slug":"dienst-am-09-11-2012","status":"publish","type":"post","link":"https:\/\/feuerwehr-ottensen.de\/?p=1916","title":{"rendered":"Dienst am 09.11.2021"},"content":{"rendered":"\n<p>Heute stand die Erste Hilfe auf dem Dienstplan.<br>Wir wurden durch einen Kameraden des Zug 1 aus Buxtehude unterrichtet. Vielen Dank nochmal daf\u00fcr, wie jedes Jahr hat jeder wieder viel mitgenommen und f\u00fchlt sich sicherer im Umgang mit unserer Ausr\u00fcstung.<\/p>\n\n\n\n<div class=\"wp-block-image\"><figure class=\"aligncenter size-large is-resized\"><a href=\"https:\/\/feuerwehr-ottensen.de\/wp-content\/uploads\/2021\/11\/WhatsApp-Image-2021-11-11-at-13.00.19.jpeg\"><img decoding=\"async\" src=\"https:\/\/feuerwehr-ottensen.de\/wp-content\/uploads\/2021\/11\/WhatsApp-Image-2021-11-11-at-13.00.19-767x1024.jpeg\" alt=\"\" class=\"wp-image-1917\" width=\"400\" srcset=\"https:\/\/feuerwehr-ottensen.de\/wp-content\/uploads\/2021\/11\/WhatsApp-Image-2021-11-11-at-13.00.19-767x1024.jpeg 767w, https:\/\/feuerwehr-ottensen.de\/wp-content\/uploads\/2021\/11\/WhatsApp-Image-2021-11-11-at-13.00.19-225x300.jpeg 225w, https:\/\/feuerwehr-ottensen.de\/wp-content\/uploads\/2021\/11\/WhatsApp-Image-2021-11-11-at-13.00.19-768x1025.jpeg 768w, https:\/\/feuerwehr-ottensen.de\/wp-content\/uploads\/2021\/11\/WhatsApp-Image-2021-11-11-at-13.00.19-1151x1536.jpeg 1151w, https:\/\/feuerwehr-ottensen.de\/wp-content\/uploads\/2021\/11\/WhatsApp-Image-2021-11-11-at-13.00.19.jpeg 1534w\" sizes=\"(max-width: 767px) 100vw, 767px\" \/><\/a><\/figure><\/div>\n\n\n\n<p><br>Um genau diese ging es im ersten Teil: wissen was wir dabei haben und wissen was wir damit erreichen k\u00f6nnen.<\/p>\n\n\n\n<p>Im zweiten Teil wurde dann in der Praxis die Herzdruckmassage, sowie das Beatmen ge\u00fcbt. Ebenfalls ging es darum eine Person aus einer platztechnisch schwierigen Lage zu retten.<br>Wie wichtig das Vertiefen all dieser Dinge ist wurde uns direkt an diesem Abend nochmal in Erinnerung gerufen.<\/p>\n\n\n\n<div class=\"wp-block-image\"><figure class=\"aligncenter size-large is-resized\"><a href=\"https:\/\/feuerwehr-ottensen.de\/wp-content\/uploads\/2021\/11\/WhatsApp-Image-2021-11-11-at-13.00.19-1.jpeg\"><img decoding=\"async\" src=\"https:\/\/feuerwehr-ottensen.de\/wp-content\/uploads\/2021\/11\/WhatsApp-Image-2021-11-11-at-13.00.19-1-768x1024.jpeg\" alt=\"\" class=\"wp-image-1918\" width=\"400\" srcset=\"https:\/\/feuerwehr-ottensen.de\/wp-content\/uploads\/2021\/11\/WhatsApp-Image-2021-11-11-at-13.00.19-1-768x1024.jpeg 768w, https:\/\/feuerwehr-ottensen.de\/wp-content\/uploads\/2021\/11\/WhatsApp-Image-2021-11-11-at-13.00.19-1-225x300.jpeg 225w, https:\/\/feuerwehr-ottensen.de\/wp-content\/uploads\/2021\/11\/WhatsApp-Image-2021-11-11-at-13.00.19-1-1152x1536.jpeg 1152w, https:\/\/feuerwehr-ottensen.de\/wp-content\/uploads\/2021\/11\/WhatsApp-Image-2021-11-11-at-13.00.19-1.jpeg 1536w\" sizes=\"(max-width: 768px) 100vw, 768px\" \/><\/a><\/figure><\/div>\n\n\n\n<div class=\"wp-block-image\"><figure class=\"aligncenter size-large is-resized\"><a href=\"https:\/\/feuerwehr-ottensen.de\/wp-content\/uploads\/2021\/11\/WhatsApp-Image-2021-11-11-at-13.00.20.jpeg\"><img decoding=\"async\" src=\"https:\/\/feuerwehr-ottensen.de\/wp-content\/uploads\/2021\/11\/WhatsApp-Image-2021-11-11-at-13.00.20-768x1024.jpeg\" alt=\"\" class=\"wp-image-1919\" width=\"400\" srcset=\"https:\/\/feuerwehr-ottensen.de\/wp-content\/uploads\/2021\/11\/WhatsApp-Image-2021-11-11-at-13.00.20-768x1024.jpeg 768w, https:\/\/feuerwehr-ottensen.de\/wp-content\/uploads\/2021\/11\/WhatsApp-Image-2021-11-11-at-13.00.20-225x300.jpeg 225w, https:\/\/feuerwehr-ottensen.de\/wp-content\/uploads\/2021\/11\/WhatsApp-Image-2021-11-11-at-13.00.20-1152x1536.jpeg 1152w, https:\/\/feuerwehr-ottensen.de\/wp-content\/uploads\/2021\/11\/WhatsApp-Image-2021-11-11-at-13.00.20.jpeg 1536w\" sizes=\"(max-width: 768px) 100vw, 768px\" \/><\/a><\/figure><\/div>\n","protected":false},"excerpt":{"rendered":"<div class=\"mh-excerpt\"><p>Heute stand die Erste Hilfe auf dem Dienstplan.Wir wurden durch einen Kameraden des Zug 1 aus Buxtehude unterrichtet. Vielen Dank nochmal daf\u00fcr, wie jedes Jahr <a class=\"mh-excerpt-more\" href=\"https:\/\/feuerwehr-ottensen.de\/?p=1916\" title=\"Dienst am 09.11.2021\">[&#8230;]<\/a><\/p>\n<\/div>","protected":false},"author":1,"featured_media":1920,"comment_status":"closed","ping_status":"open","sticky":false,"template":"","format":"standard","meta":{"footnotes":""},"categories":[3],"tags":[],"class_list":["post-1916","post","type-post","status-publish","format-standard","has-post-thumbnail","hentry","category-beitrag"],"_links":{"self":[{"href":"https:\/\/feuerwehr-ottensen.de\/index.php?rest_route=\/wp\/v2\/posts\/1916","targetHints":{"allow":["GET"]}}],"collection":[{"href":"https:\/\/feuerwehr-ottensen.de\/index.php?rest_route=\/wp\/v2\/posts"}],"about":[{"href":"https:\/\/feuerwehr-ottensen.de\/index.php?rest_route=\/wp\/v2\/types\/post"}],"author":[{"embeddable":true,"href":"https:\/\/feuerwehr-ottensen.de\/index.php?rest_route=\/wp\/v2\/users\/1"}],"replies":[{"embeddable":true,"href":"https:\/\/feuerwehr-ottensen.de\/index.php?rest_route=%2Fwp%2Fv2%2Fcomments&post=1916"}],"version-history":[{"count":2,"href":"https:\/\/feuerwehr-ottensen.de\/index.php?rest_route=\/wp\/v2\/posts\/1916\/revisions"}],"predecessor-version":[{"id":1923,"href":"https:\/\/feuerwehr-ottensen.de\/index.php?rest_route=\/wp\/v2\/posts\/1916\/revisions\/1923"}],"wp:featuredmedia":[{"embeddable":true,"href":"https:\/\/feuerwehr-ottensen.de\/index.php?rest_route=\/wp\/v2\/media\/1920"}],"wp:attachment":[{"href":"https:\/\/feuerwehr-ottensen.de\/index.php?rest_route=%2Fwp%2Fv2%2Fmedia&parent=1916"}],"wp:term":[{"taxonomy":"category","embeddable":true,"href":"https:\/\/feuerwehr-ottensen.de\/index.php?rest_route=%2Fwp%2Fv2%2Fcategories&post=1916"},{"taxonomy":"post_tag","embeddable":true,"href":"https:\/\/feuerwehr-ottensen.de\/index.php?rest_route=%2Fwp%2Fv2%2Ftags&post=1916"}],"curies":[{"name":"wp","href":"https:\/\/api.w.org\/{rel}","templated":true}]}}