{"id":1799,"date":"2020-11-01T12:26:31","date_gmt":"2020-11-01T12:26:31","guid":{"rendered":"http:\/\/feuerwehr-ottensen.de\/?p=1799"},"modified":"2020-11-01T12:27:42","modified_gmt":"2020-11-01T12:27:42","slug":"dienst-am-30-10-2020","status":"publish","type":"post","link":"https:\/\/feuerwehr-ottensen.de\/?p=1799","title":{"rendered":"Dienst am 30.10.2020"},"content":{"rendered":"\n<p>Heute haben wir uns ein letztes Mal in der alten Einteilung der Gruppen am Ger\u00e4tehaus getroffen und einen Dienst abgehalten. Leider schr\u00e4nkt uns COVID 19 immernoch sehr im Dienstgeschehen ein, was aber keine Auswirkungen auf die Einsatzf\u00e4higkeit hat. <\/p>\n\n\n\n<div class=\"wp-block-image\"><figure class=\"aligncenter size-large is-resized\"><img decoding=\"async\" src=\"https:\/\/feuerwehr-ottensen.de\/wp-content\/uploads\/2020\/11\/WhatsApp-Image-2020-11-01-at-11.14.07-1-768x1024.jpeg\" alt=\"\" class=\"wp-image-1804\" width=\"400\" srcset=\"https:\/\/feuerwehr-ottensen.de\/wp-content\/uploads\/2020\/11\/WhatsApp-Image-2020-11-01-at-11.14.07-1-768x1024.jpeg 768w, https:\/\/feuerwehr-ottensen.de\/wp-content\/uploads\/2020\/11\/WhatsApp-Image-2020-11-01-at-11.14.07-1-225x300.jpeg 225w, https:\/\/feuerwehr-ottensen.de\/wp-content\/uploads\/2020\/11\/WhatsApp-Image-2020-11-01-at-11.14.07-1-1152x1536.jpeg 1152w, https:\/\/feuerwehr-ottensen.de\/wp-content\/uploads\/2020\/11\/WhatsApp-Image-2020-11-01-at-11.14.07-1.jpeg 1200w\" sizes=\"(max-width: 768px) 100vw, 768px\" \/><\/figure><\/div>\n\n\n\n<p>Damit dies weiterhin so bleibt wird nat\u00fcrlich momentan noch mehr Augenmerk auf die Hygiene gelegt. Dies z\u00e4hlt nat\u00fcrlich auch f\u00fcr den Zustand bzw. die Sauberkeit unserer Fahrzeuge. Also haben wir bei norddeutschem Schietwetter nochmal alles auf links gedreht und alles ausgewischt und desinfiziert. Nat\u00fcrlich wurde das Ausr\u00e4umen direkt mit ein bisschen Ger\u00e4tekunde verbunden um nochmal wieder alles in Erinnerung zu rufen. Dienstende fand wie mittlerweile gewohnt ohne lange Abschlussrunde in der Fahrzeughalle statt.<\/p>\n\n\n\n<div class=\"wp-block-image\"><figure class=\"aligncenter size-large is-resized\"><img decoding=\"async\" src=\"https:\/\/feuerwehr-ottensen.de\/wp-content\/uploads\/2020\/11\/WhatsApp-Image-2020-11-01-at-11.14.08-768x1024.jpeg\" alt=\"\" class=\"wp-image-1800\" width=\"400\" srcset=\"https:\/\/feuerwehr-ottensen.de\/wp-content\/uploads\/2020\/11\/WhatsApp-Image-2020-11-01-at-11.14.08-768x1024.jpeg 768w, https:\/\/feuerwehr-ottensen.de\/wp-content\/uploads\/2020\/11\/WhatsApp-Image-2020-11-01-at-11.14.08-225x300.jpeg 225w, https:\/\/feuerwehr-ottensen.de\/wp-content\/uploads\/2020\/11\/WhatsApp-Image-2020-11-01-at-11.14.08-1152x1536.jpeg 1152w, https:\/\/feuerwehr-ottensen.de\/wp-content\/uploads\/2020\/11\/WhatsApp-Image-2020-11-01-at-11.14.08.jpeg 1200w\" sizes=\"(max-width: 768px) 100vw, 768px\" \/><\/figure><\/div>\n","protected":false},"excerpt":{"rendered":"<div class=\"mh-excerpt\"><p>Heute haben wir uns ein letztes Mal in der alten Einteilung der Gruppen am Ger\u00e4tehaus getroffen und einen Dienst abgehalten. Leider schr\u00e4nkt uns COVID 19 <a class=\"mh-excerpt-more\" href=\"https:\/\/feuerwehr-ottensen.de\/?p=1799\" title=\"Dienst am 30.10.2020\">[&#8230;]<\/a><\/p>\n<\/div>","protected":false},"author":1,"featured_media":1802,"comment_status":"closed","ping_status":"open","sticky":false,"template":"","format":"standard","meta":{"footnotes":""},"categories":[3],"tags":[],"class_list":["post-1799","post","type-post","status-publish","format-standard","has-post-thumbnail","hentry","category-beitrag"],"_links":{"self":[{"href":"https:\/\/feuerwehr-ottensen.de\/index.php?rest_route=\/wp\/v2\/posts\/1799","targetHints":{"allow":["GET"]}}],"collection":[{"href":"https:\/\/feuerwehr-ottensen.de\/index.php?rest_route=\/wp\/v2\/posts"}],"about":[{"href":"https:\/\/feuerwehr-ottensen.de\/index.php?rest_route=\/wp\/v2\/types\/post"}],"author":[{"embeddable":true,"href":"https:\/\/feuerwehr-ottensen.de\/index.php?rest_route=\/wp\/v2\/users\/1"}],"replies":[{"embeddable":true,"href":"https:\/\/feuerwehr-ottensen.de\/index.php?rest_route=%2Fwp%2Fv2%2Fcomments&post=1799"}],"version-history":[{"count":2,"href":"https:\/\/feuerwehr-ottensen.de\/index.php?rest_route=\/wp\/v2\/posts\/1799\/revisions"}],"predecessor-version":[{"id":1805,"href":"https:\/\/feuerwehr-ottensen.de\/index.php?rest_route=\/wp\/v2\/posts\/1799\/revisions\/1805"}],"wp:featuredmedia":[{"embeddable":true,"href":"https:\/\/feuerwehr-ottensen.de\/index.php?rest_route=\/wp\/v2\/media\/1802"}],"wp:attachment":[{"href":"https:\/\/feuerwehr-ottensen.de\/index.php?rest_route=%2Fwp%2Fv2%2Fmedia&parent=1799"}],"wp:term":[{"taxonomy":"category","embeddable":true,"href":"https:\/\/feuerwehr-ottensen.de\/index.php?rest_route=%2Fwp%2Fv2%2Fcategories&post=1799"},{"taxonomy":"post_tag","embeddable":true,"href":"https:\/\/feuerwehr-ottensen.de\/index.php?rest_route=%2Fwp%2Fv2%2Ftags&post=1799"}],"curies":[{"name":"wp","href":"https:\/\/api.w.org\/{rel}","templated":true}]}}