{"id":1524,"date":"2019-11-01T10:11:07","date_gmt":"2019-11-01T10:11:07","guid":{"rendered":"http:\/\/feuerwehr-ottensen.de\/?p=1524"},"modified":"2019-11-01T10:11:07","modified_gmt":"2019-11-01T10:11:07","slug":"dienst-am-25-10-2019","status":"publish","type":"post","link":"https:\/\/feuerwehr-ottensen.de\/?p=1524","title":{"rendered":"Dienst am 25.10.2019"},"content":{"rendered":"\n<p>Heute haben wir uns zum Dienstbeginn aufgeteilt. Eine Gruppe ist mit Funkger\u00e4ten in den Ort gegangen und hat Zettel f\u00fcr unseren Laternenumzug verteilt. Dabei wurde die Kommunikation untereinander \u00fcber Funk ge\u00fcbt. <\/p>\n\n\n\n<div class=\"wp-block-image\"><figure class=\"aligncenter is-resized\"><img decoding=\"async\" src=\"https:\/\/feuerwehr-ottensen.de\/wp-content\/uploads\/2019\/11\/WhatsApp-Image-2019-10-30-at-09.05.441-768x1024.jpeg\" alt=\"\" class=\"wp-image-1526\" width=\"400\" srcset=\"https:\/\/feuerwehr-ottensen.de\/wp-content\/uploads\/2019\/11\/WhatsApp-Image-2019-10-30-at-09.05.441-768x1024.jpeg 768w, https:\/\/feuerwehr-ottensen.de\/wp-content\/uploads\/2019\/11\/WhatsApp-Image-2019-10-30-at-09.05.441-225x300.jpeg 225w, https:\/\/feuerwehr-ottensen.de\/wp-content\/uploads\/2019\/11\/WhatsApp-Image-2019-10-30-at-09.05.441.jpeg 1200w\" sizes=\"(max-width: 768px) 100vw, 768px\" \/><\/figure><\/div>\n\n\n\n<p>Die andere Gruppe blieb im Ger\u00e4tehaus und ist dort nochmal die Beladung des MLFs durchgegangen. Hierzu kam wieder unser Memory zum Einsatz, wo es darum geht den gezogenen Gegenstand einer Karte auf dem Fahrzeug wieder zu finden. Zum Schluss trafen sich beide Gruppen wieder in der Fahrzeughalle und es wurde eine Abschlussrunde gespielt. Das Dienstende fand dann wie gewohnt im Unterrichtsraum nach der Besprechung der Neuigkeiten und anstehenden Termin statt.<\/p>\n","protected":false},"excerpt":{"rendered":"<div class=\"mh-excerpt\"><p>Heute haben wir uns zum Dienstbeginn aufgeteilt. Eine Gruppe ist mit Funkger\u00e4ten in den Ort gegangen und hat Zettel f\u00fcr unseren Laternenumzug verteilt. Dabei wurde <a class=\"mh-excerpt-more\" href=\"https:\/\/feuerwehr-ottensen.de\/?p=1524\" title=\"Dienst am 25.10.2019\">[&#8230;]<\/a><\/p>\n<\/div>","protected":false},"author":1,"featured_media":1527,"comment_status":"closed","ping_status":"open","sticky":false,"template":"","format":"standard","meta":{"footnotes":""},"categories":[3],"tags":[],"class_list":["post-1524","post","type-post","status-publish","format-standard","has-post-thumbnail","hentry","category-beitrag"],"_links":{"self":[{"href":"https:\/\/feuerwehr-ottensen.de\/index.php?rest_route=\/wp\/v2\/posts\/1524","targetHints":{"allow":["GET"]}}],"collection":[{"href":"https:\/\/feuerwehr-ottensen.de\/index.php?rest_route=\/wp\/v2\/posts"}],"about":[{"href":"https:\/\/feuerwehr-ottensen.de\/index.php?rest_route=\/wp\/v2\/types\/post"}],"author":[{"embeddable":true,"href":"https:\/\/feuerwehr-ottensen.de\/index.php?rest_route=\/wp\/v2\/users\/1"}],"replies":[{"embeddable":true,"href":"https:\/\/feuerwehr-ottensen.de\/index.php?rest_route=%2Fwp%2Fv2%2Fcomments&post=1524"}],"version-history":[{"count":3,"href":"https:\/\/feuerwehr-ottensen.de\/index.php?rest_route=\/wp\/v2\/posts\/1524\/revisions"}],"predecessor-version":[{"id":1529,"href":"https:\/\/feuerwehr-ottensen.de\/index.php?rest_route=\/wp\/v2\/posts\/1524\/revisions\/1529"}],"wp:featuredmedia":[{"embeddable":true,"href":"https:\/\/feuerwehr-ottensen.de\/index.php?rest_route=\/wp\/v2\/media\/1527"}],"wp:attachment":[{"href":"https:\/\/feuerwehr-ottensen.de\/index.php?rest_route=%2Fwp%2Fv2%2Fmedia&parent=1524"}],"wp:term":[{"taxonomy":"category","embeddable":true,"href":"https:\/\/feuerwehr-ottensen.de\/index.php?rest_route=%2Fwp%2Fv2%2Fcategories&post=1524"},{"taxonomy":"post_tag","embeddable":true,"href":"https:\/\/feuerwehr-ottensen.de\/index.php?rest_route=%2Fwp%2Fv2%2Ftags&post=1524"}],"curies":[{"name":"wp","href":"https:\/\/api.w.org\/{rel}","templated":true}]}}